{"id":1023,"date":"2025-04-13T12:39:02","date_gmt":"2025-04-13T09:39:02","guid":{"rendered":"https:\/\/kulttuurikiihdyttamo.fi\/?p=1023"},"modified":"2025-04-27T10:24:34","modified_gmt":"2025-04-27T07:24:34","slug":"26-2-22-3-2025-tissimatka","status":"publish","type":"post","link":"https:\/\/kulttuurikiihdyttamo.fi\/en\/26-2-22-3-2025-tissimatka\/","title":{"rendered":"Tissimatka | 26.2 &#8211; 22.3.2025"},"content":{"rendered":"<div data-elementor-type=\"wp-post\" data-elementor-id=\"1023\" class=\"elementor elementor-1023\">\n\t\t\t\t<div class=\"elementor-element elementor-element-109ff95c e-flex e-con-boxed e-con e-parent\" data-id=\"109ff95c\" data-element_type=\"container\" data-e-type=\"container\">\n\t\t\t\t\t<div class=\"e-con-inner\">\n\t\t\t\t<div class=\"elementor-element elementor-element-63e6987c elementor-widget elementor-widget-text-editor\" data-id=\"63e6987c\" data-element_type=\"widget\" data-e-type=\"widget\" data-widget_type=\"text-editor.default\">\n\t\t\t\t<div class=\"elementor-widget-container\">\n\t\t\t\t\t\t\t\t\t\n<p><strong>Tissimatka | 26.2.2025<\/strong><\/p>\n\n<p>Tissimatka on Jonna Luostarin dokumentaariseen seurantaan pohjautuva valokuvaprojekti Johanna \u201dPinksu\u201d Marjomaan taistelusta rintasy\u00f6p\u00e4\u00e4 vastaan.<br \/><br \/>N\u00e4yttely koostuu videoteoksesta, potreteista, p\u00e4iv\u00e4kirjamerkinn\u00f6ist\u00e4, sek\u00e4 Johannan saamasta palautteesta.<\/p>\n<p>Videoteos sis\u00e4lt\u00e4\u00e4 Jonna Luostarin valokuvia, Johannan sosiaalisen median videopostauksia, sek\u00e4 \u00e4\u00e4ninauhoja tammi-hein\u00e4kuulta 2023.<br \/><br \/>N\u00e4yttelyn avajaisia vietet\u00e4\u00e4n huomenna perjantaina 28.2. klo 18-20. Sek\u00e4 Jonna Luostari ett\u00e4 Johanna \u201dPinksu\u201d Marjomaa ovat paikalla. L\u00e4mpim\u00e4sti tervetuloa!<\/p>\n\n<div class=\"wp-block-columns is-layout-flex wp-container-core-columns-is-layout-28f84493 wp-block-columns-is-layout-flex\">\n<div class=\"wp-block-column is-layout-flow wp-block-column-is-layout-flow\" style=\"flex-basis: 100%;\"><\/div>\n<\/div>\n\n<p>\u00a0<\/p>\n\n<p>\u00a0<\/p>\n\t\t\t\t\t\t\t\t<\/div>\n\t\t\t\t<\/div>\n\t\t\t\t<div class=\"elementor-element elementor-element-41efc90 elementor-widget elementor-widget-image\" data-id=\"41efc90\" data-element_type=\"widget\" data-e-type=\"widget\" data-widget_type=\"image.default\">\n\t\t\t\t<div class=\"elementor-widget-container\">\n\t\t\t\t\t\t\t\t\t\t\t\t\t\t\t<img fetchpriority=\"high\" decoding=\"async\" width=\"768\" height=\"768\" src=\"https:\/\/kulttuurikiihdyttamo.fi\/wp-content\/uploads\/2025\/04\/26_2_tissimatka-768x768.jpg\" class=\"attachment-medium_large size-medium_large wp-image-1024\" alt=\"\" srcset=\"https:\/\/kulttuurikiihdyttamo.fi\/wp-content\/uploads\/2025\/04\/26_2_tissimatka-768x768.jpg 768w, https:\/\/kulttuurikiihdyttamo.fi\/wp-content\/uploads\/2025\/04\/26_2_tissimatka-300x300.jpg 300w, https:\/\/kulttuurikiihdyttamo.fi\/wp-content\/uploads\/2025\/04\/26_2_tissimatka-1024x1024.jpg 1024w, https:\/\/kulttuurikiihdyttamo.fi\/wp-content\/uploads\/2025\/04\/26_2_tissimatka-150x150.jpg 150w, https:\/\/kulttuurikiihdyttamo.fi\/wp-content\/uploads\/2025\/04\/26_2_tissimatka-1536x1536.jpg 1536w, https:\/\/kulttuurikiihdyttamo.fi\/wp-content\/uploads\/2025\/04\/26_2_tissimatka-12x12.jpg 12w, https:\/\/kulttuurikiihdyttamo.fi\/wp-content\/uploads\/2025\/04\/26_2_tissimatka.jpg 2048w\" sizes=\"(max-width: 768px) 100vw, 768px\" \/>\t\t\t\t\t\t\t\t\t\t\t\t\t\t\t<\/div>\n\t\t\t\t<\/div>\n\t\t\t\t\t<\/div>\n\t\t\t\t<\/div>\n\t\t\t\t<\/div>","protected":false},"excerpt":{"rendered":"<p>Tissimatka | 26.2.2025 Tissimatka on Jonna Luostarin dokumentaariseen seurantaan pohjautuva valokuvaprojekti Johanna \u201dPinksu\u201d Marjomaan taistelusta rintasy\u00f6p\u00e4\u00e4 vastaan. N\u00e4yttely koostuu videoteoksesta, potreteista, p\u00e4iv\u00e4kirjamerkinn\u00f6ist\u00e4, sek\u00e4 Johannan saamasta palautteesta. Videoteos sis\u00e4lt\u00e4\u00e4 Jonna Luostarin valokuvia, Johannan sosiaalisen median videopostauksia, sek\u00e4 \u00e4\u00e4ninauhoja tammi-hein\u00e4kuulta 2023. N\u00e4yttelyn avajaisia vietet\u00e4\u00e4n huomenna perjantaina 28.2. klo 18-20. Sek\u00e4 Jonna Luostari ett\u00e4 Johanna \u201dPinksu\u201d Marjomaa ovat [&hellip;]<\/p>","protected":false},"author":4,"featured_media":1024,"comment_status":"closed","ping_status":"closed","sticky":false,"template":"elementor_canvas","format":"standard","meta":{"_monsterinsights_skip_tracking":false,"_monsterinsights_sitenote_active":false,"_monsterinsights_sitenote_note":"","_monsterinsights_sitenote_category":0,"footnotes":""},"categories":[1],"tags":[],"class_list":["post-1023","post","type-post","status-publish","format-standard","has-post-thumbnail","hentry","category-yleinen"],"aioseo_notices":[],"_links":{"self":[{"href":"https:\/\/kulttuurikiihdyttamo.fi\/en\/wp-json\/wp\/v2\/posts\/1023","targetHints":{"allow":["GET"]}}],"collection":[{"href":"https:\/\/kulttuurikiihdyttamo.fi\/en\/wp-json\/wp\/v2\/posts"}],"about":[{"href":"https:\/\/kulttuurikiihdyttamo.fi\/en\/wp-json\/wp\/v2\/types\/post"}],"author":[{"embeddable":true,"href":"https:\/\/kulttuurikiihdyttamo.fi\/en\/wp-json\/wp\/v2\/users\/4"}],"replies":[{"embeddable":true,"href":"https:\/\/kulttuurikiihdyttamo.fi\/en\/wp-json\/wp\/v2\/comments?post=1023"}],"version-history":[{"count":10,"href":"https:\/\/kulttuurikiihdyttamo.fi\/en\/wp-json\/wp\/v2\/posts\/1023\/revisions"}],"predecessor-version":[{"id":1131,"href":"https:\/\/kulttuurikiihdyttamo.fi\/en\/wp-json\/wp\/v2\/posts\/1023\/revisions\/1131"}],"wp:featuredmedia":[{"embeddable":true,"href":"https:\/\/kulttuurikiihdyttamo.fi\/en\/wp-json\/wp\/v2\/media\/1024"}],"wp:attachment":[{"href":"https:\/\/kulttuurikiihdyttamo.fi\/en\/wp-json\/wp\/v2\/media?parent=1023"}],"wp:term":[{"taxonomy":"category","embeddable":true,"href":"https:\/\/kulttuurikiihdyttamo.fi\/en\/wp-json\/wp\/v2\/categories?post=1023"},{"taxonomy":"post_tag","embeddable":true,"href":"https:\/\/kulttuurikiihdyttamo.fi\/en\/wp-json\/wp\/v2\/tags?post=1023"}],"curies":[{"name":"wp","href":"https:\/\/api.w.org\/{rel}","templated":true}]}}